{"id":2948,"date":"2024-08-29T10:12:43","date_gmt":"2024-08-29T10:12:43","guid":{"rendered":"https:\/\/mueblesvalles.com\/neue-rubrik-trends\/"},"modified":"2024-08-29T10:12:43","modified_gmt":"2024-08-29T10:12:43","slug":"neue-rubrik-trends","status":"publish","type":"post","link":"https:\/\/mueblesvalles.com\/de\/neue-rubrik-trends\/","title":{"rendered":"Neue Rubrik &#8222;Trends&#8220;"},"content":{"rendered":"<p class=\"\">Auf unserer Website haben wir einen Bereich reserviert, der vor allem ein Ort der Begegnung mit Ihnen, unseren Kunden und Freunden, der Daseinsberechtigung von Muebles Vall\u00e9s, sein soll.<\/p>\n<p class=\"\">Dieser neue Raum, &#8222;Tendencias&#8220;, strotzt vor Design, Kreativit\u00e4t, Formen und Farben, die wir mit denjenigen unter Ihnen teilen m\u00f6chten, die die Sch\u00f6nheit des Allt\u00e4glichen genie\u00dfen.<br \/>\nWir werden es so machen, wie wir es wollen, als Team, angef\u00fchrt von der Gesch\u00e4ftsf\u00fchrerin und Alma Mater des Unternehmens, Amparo Vall\u00e9s. <\/p>\n<p class=\"\">Das Team von Muebles Vall\u00e9s wird &#8222;Tendencias&#8220; zu einem Ort machen, an den wir immer wieder zur\u00fcckkehren werden, auf der Suche nach frischer Luft und neuen Ideen, um den Raum, in dem wir leben und zusammenleben, zu verbessern.<br \/>\nWir laden Sie ein, uns in diese sch\u00f6ne Ecke zu begleiten, von der aus wir Ihnen alle Neuigkeiten und Projekte mitteilen werden, die wir uns f\u00fcr Sie bei Muebles Vall\u00e9s ausgedacht haben.<br \/>\nWir w\u00fcrden uns freuen, Sie hier zu haben.  <\/p>\n","protected":false},"excerpt":{"rendered":"<p>Auf unserer Website haben wir einen Bereich reserviert, der vor allem ein Ort der Begegnung mit Ihnen, unseren Kunden und Freunden, der Daseinsberechtigung von Muebles Vall\u00e9s, sein soll. Dieser neue Raum, &#8222;Tendencias&#8220;, strotzt vor Design, Kreativit\u00e4t, Formen und Farben, die wir mit denjenigen unter Ihnen teilen m\u00f6chten, die die Sch\u00f6nheit des Allt\u00e4glichen genie\u00dfen. Wir werden [&hellip;]<\/p>\n","protected":false},"author":2,"featured_media":2955,"comment_status":"open","ping_status":"open","sticky":false,"template":"","format":"standard","meta":{"_joinchat":[],"footnotes":""},"categories":[56],"tags":[],"class_list":["post-2948","post","type-post","status-publish","format-standard","has-post-thumbnail","hentry","category-unkategorisiert"],"_links":{"self":[{"href":"https:\/\/mueblesvalles.com\/de\/wp-json\/wp\/v2\/posts\/2948","targetHints":{"allow":["GET"]}}],"collection":[{"href":"https:\/\/mueblesvalles.com\/de\/wp-json\/wp\/v2\/posts"}],"about":[{"href":"https:\/\/mueblesvalles.com\/de\/wp-json\/wp\/v2\/types\/post"}],"author":[{"embeddable":true,"href":"https:\/\/mueblesvalles.com\/de\/wp-json\/wp\/v2\/users\/2"}],"replies":[{"embeddable":true,"href":"https:\/\/mueblesvalles.com\/de\/wp-json\/wp\/v2\/comments?post=2948"}],"version-history":[{"count":0,"href":"https:\/\/mueblesvalles.com\/de\/wp-json\/wp\/v2\/posts\/2948\/revisions"}],"wp:featuredmedia":[{"embeddable":true,"href":"https:\/\/mueblesvalles.com\/de\/wp-json\/wp\/v2\/media\/2955"}],"wp:attachment":[{"href":"https:\/\/mueblesvalles.com\/de\/wp-json\/wp\/v2\/media?parent=2948"}],"wp:term":[{"taxonomy":"category","embeddable":true,"href":"https:\/\/mueblesvalles.com\/de\/wp-json\/wp\/v2\/categories?post=2948"},{"taxonomy":"post_tag","embeddable":true,"href":"https:\/\/mueblesvalles.com\/de\/wp-json\/wp\/v2\/tags?post=2948"}],"curies":[{"name":"wp","href":"https:\/\/api.w.org\/{rel}","templated":true}]}}