{"id":2979,"date":"2024-08-29T10:16:13","date_gmt":"2024-08-29T10:16:13","guid":{"rendered":"https:\/\/mueblesvalles.com\/es-ist-zeit-dass-das-licht-hereinkommt\/"},"modified":"2024-08-29T10:16:13","modified_gmt":"2024-08-29T10:16:13","slug":"es-ist-zeit-dass-das-licht-hereinkommt","status":"publish","type":"post","link":"https:\/\/mueblesvalles.com\/de\/es-ist-zeit-dass-das-licht-hereinkommt\/","title":{"rendered":"ES IST ZEIT, DASS DAS LICHT HEREINKOMMT"},"content":{"rendered":"<div id=\"block-de72a7019a96406cc705\" class=\"sqs-block html-block sqs-block-html\" data-block-type=\"2\" data-border-radii=\"{\"topLeft\":{\"unit\":\"px\",\"value\":0.0},\"topRight\":{\"unit\":\"px\",\"value\":0.0},\"bottomLeft\":{\"unit\":\"px\",\"value\":0.0},\"bottomRight\":{\"unit\":\"px\",\"value\":0.0}}\">\n<div class=\"sqs-block-content\">\n<div class=\"sqs-html-content\">\n<p class=\"\">Der Winter muss sich von seiner k\u00e4ltesten und grauesten Seite zeigen, damit wir die Ankunft des Fr\u00fchlings mit Begeisterung begr\u00fc\u00dfen k\u00f6nnen und die neue Jahreszeit zu einem wahren Fest f\u00fcr unsere Sinne wird.<\/p>\n<\/div>\n<\/div>\n<\/div>\n<div id=\"block-yui_3_17_2_1_1699695774882_9859\" class=\"sqs-block html-block sqs-block-html\" data-block-type=\"2\" data-border-radii=\"{\"topLeft\":{\"unit\":\"px\",\"value\":0.0},\"topRight\":{\"unit\":\"px\",\"value\":0.0},\"bottomLeft\":{\"unit\":\"px\",\"value\":0.0},\"bottomRight\":{\"unit\":\"px\",\"value\":0.0}}\">\n<div class=\"sqs-block-content\">\n<div class=\"sqs-html-content\">\n<p class=\"\">Es ist an der Zeit, unsere T\u00fcren und Fenster zu \u00f6ffnen, den Sonnenstrahlen Platz zu machen, die mit Macht in den noch k\u00fchlen Morgen brechen, um uns mit der W\u00e4rme ihres Lichts einzuh\u00fcllen, endlich das gute Wetter zu genie\u00dfen, uns vom ersten Kaffee des Morgens auf unserem Balkon hinrei\u00dfen zu lassen, in unserem H\u00e4ngesessel auf der Terrasse schaukelnd ein Buch zu lesen, in unserer H\u00e4ngematte zu liegen und die Sonne auf der Haut zu sp\u00fcren, mit unseren Kindern um einen gro\u00dfen Tisch im Freien zu spielen, der zweifellos der Treffpunkt f\u00fcr die ersehnten Mahlzeiten und die Gespr\u00e4che nach dem Essen voller Lachen mit unseren Freunden, unserer Familie, unseren Lieben sein wird.<\/p>\n<p class=\"\">Wir haben eine neue Saison voller Erlebnisse verdient, die uns aus der Lethargie des Winters herausf\u00fchren, und wir von Muebles Vall\u00e9s m\u00f6chten Sie bei der Eroberung des Au\u00dfenbereichs begleiten, den wir uns jetzt mehr denn je zu eigen machen m\u00f6chten.<br \/>\nInnenh\u00f6fe, Terrassen, Balkone oder Fenster werden von nun an zu unseren besten Verb\u00fcndeten, um uns endlich mit dem verdienten Licht zu erf\u00fcllen. <\/p>\n<p class=\"\">Willkommen, Fr\u00fchling.<\/p>\n<\/div>\n<p>&nbsp;<\/p>\n<\/div>\n<\/div>\n","protected":false},"excerpt":{"rendered":"<p>Der Winter muss sich von seiner k\u00e4ltesten und grauesten Seite zeigen, damit wir die Ankunft des Fr\u00fchlings mit Begeisterung begr\u00fc\u00dfen k\u00f6nnen und die neue Jahreszeit zu einem wahren Fest f\u00fcr unsere Sinne wird. Es ist an der Zeit, unsere T\u00fcren und Fenster zu \u00f6ffnen, den Sonnenstrahlen Platz zu machen, die mit Macht in den noch [&hellip;]<\/p>\n","protected":false},"author":2,"featured_media":2983,"comment_status":"open","ping_status":"open","sticky":false,"template":"","format":"standard","meta":{"_joinchat":[],"footnotes":""},"categories":[56],"tags":[],"class_list":["post-2979","post","type-post","status-publish","format-standard","has-post-thumbnail","hentry","category-unkategorisiert"],"_links":{"self":[{"href":"https:\/\/mueblesvalles.com\/de\/wp-json\/wp\/v2\/posts\/2979","targetHints":{"allow":["GET"]}}],"collection":[{"href":"https:\/\/mueblesvalles.com\/de\/wp-json\/wp\/v2\/posts"}],"about":[{"href":"https:\/\/mueblesvalles.com\/de\/wp-json\/wp\/v2\/types\/post"}],"author":[{"embeddable":true,"href":"https:\/\/mueblesvalles.com\/de\/wp-json\/wp\/v2\/users\/2"}],"replies":[{"embeddable":true,"href":"https:\/\/mueblesvalles.com\/de\/wp-json\/wp\/v2\/comments?post=2979"}],"version-history":[{"count":0,"href":"https:\/\/mueblesvalles.com\/de\/wp-json\/wp\/v2\/posts\/2979\/revisions"}],"wp:featuredmedia":[{"embeddable":true,"href":"https:\/\/mueblesvalles.com\/de\/wp-json\/wp\/v2\/media\/2983"}],"wp:attachment":[{"href":"https:\/\/mueblesvalles.com\/de\/wp-json\/wp\/v2\/media?parent=2979"}],"wp:term":[{"taxonomy":"category","embeddable":true,"href":"https:\/\/mueblesvalles.com\/de\/wp-json\/wp\/v2\/categories?post=2979"},{"taxonomy":"post_tag","embeddable":true,"href":"https:\/\/mueblesvalles.com\/de\/wp-json\/wp\/v2\/tags?post=2979"}],"curies":[{"name":"wp","href":"https:\/\/api.w.org\/{rel}","templated":true}]}}