{"id":2995,"date":"2024-08-29T10:26:38","date_gmt":"2024-08-29T10:26:38","guid":{"rendered":"https:\/\/mueblesvalles.com\/acht-tipps-um-das-beste-aus-dem-sommerschlussverkauf-bei-muebles-valles-zu-machen\/"},"modified":"2024-08-29T10:26:38","modified_gmt":"2024-08-29T10:26:38","slug":"acht-tipps-um-das-beste-aus-dem-sommerschlussverkauf-bei-muebles-valles-zu-machen","status":"publish","type":"post","link":"https:\/\/mueblesvalles.com\/de\/acht-tipps-um-das-beste-aus-dem-sommerschlussverkauf-bei-muebles-valles-zu-machen\/","title":{"rendered":"Acht Tipps, um das Beste aus dem Sommerschlussverkauf bei Muebles Vall\u00e9s zu machen"},"content":{"rendered":"<div id=\"block-9dbb4eeadb400906092a\" class=\"sqs-block html-block sqs-block-html\" data-block-type=\"2\" data-border-radii=\"{\"topLeft\":{\"unit\":\"px\",\"value\":0.0},\"topRight\":{\"unit\":\"px\",\"value\":0.0},\"bottomLeft\":{\"unit\":\"px\",\"value\":0.0},\"bottomRight\":{\"unit\":\"px\",\"value\":0.0}}\">\n<div class=\"sqs-block-content\">\n<div class=\"sqs-html-content\">\n<p class=\"\" style=\"text-align: left;\">Haben Sie schon Ihre Wunschliste erstellt, um vom Sommerschlussverkauf bei Muebles Vall\u00e9s zu profitieren?<br \/>\nWir haben ein paar sehr coole Angebote f\u00fcr diese Sommermonate.<br \/>\nMerken Sie sich das!  <\/p>\n<\/div>\n<\/div>\n<\/div>\n<div id=\"block-yui_3_17_2_1_1699697703800_5550\" style=\"text-align: left;\" data-block-type=\"5\">\n<div id=\"yui_3_17_2_1_1724927055755_69\">\n<figure id=\"yui_3_17_2_1_1724927055755_68\" data-scrolled=\"\" data-test=\"image-block-v2-outer-wrapper\">\n<div id=\"yui_3_17_2_1_1724927055755_67\">\n<div id=\"yui_3_17_2_1_1724927055755_66\" data-animation-role=\"image\" data-description=\"&lt;encoded_tag_open \/&gt;blockquote&lt;encoded_tag_closed \/&gt;&lt;encoded_tag_open \/&gt;p class=\"sqsrte-small\" style=\"white-space:pre-wrap;\"&lt;encoded_tag_closed \/&gt;Fuente: Kave Home&lt;encoded_tag_open \/&gt;\/p&lt;encoded_tag_closed \/&gt;&lt;encoded_tag_open \/&gt;\/blockquote&lt;encoded_tag_closed \/&gt;\">\n<div id=\"yui_3_17_2_1_1724927055755_65\">\n<div><\/div>\n<\/div>\n<\/div>\n<\/div><figcaption data-width-ratio=\"\">\n<div>\n<div>\n<div data-width-percentage=\"20.5\">\n<p><span style=\"color: #000000;\">1. trinken Sie einen Kaffee mit viel Eis in unseren hellblauen Sachi-Tassen und servieren Sie dazu ein k\u00f6stliches Dessert auf unseren Odile-Tellern mit unregelm\u00e4\u00dfigen Formen und dunkelblauer Farbe, beide 100% Keramik.<\/span><\/p>\n<\/div>\n<\/div>\n<\/div>\n<\/figcaption><\/figure>\n<\/div>\n<\/div>\n<div id=\"block-yui_3_17_2_1_1699697703800_22574\" style=\"text-align: left;\" data-block-type=\"5\">\n<div id=\"yui_3_17_2_1_1724927055755_88\">\n<figure id=\"yui_3_17_2_1_1724927055755_87\" data-scrolled=\"\" data-test=\"image-block-v2-outer-wrapper\">\n<div id=\"yui_3_17_2_1_1724927055755_86\">\n<div id=\"yui_3_17_2_1_1724927055755_85\" data-animation-role=\"image\" data-description=\"\">\n<div id=\"yui_3_17_2_1_1724927055755_84\">\n<div><\/div>\n<\/div>\n<\/div>\n<\/div><figcaption data-width-ratio=\"\">\n<div>\n<div>\n<div data-width-percentage=\"20.5\">\n<p><span style=\"color: #000000;\">2. Entscheiden Sie sich f\u00fcr eine lange Sommersiesta auf unserem 205 cm langen Nury Schlafsofa, das Ihnen eine R\u00fcckenlehne mit drei Positionen und klappbare Beine bietet, wenn Sie es als Bett benutzen m\u00f6chten.<br \/>\nOh!<br \/>\nUnd es hat eine eingebaute Schublade, in der Sie die Bettw\u00e4sche aufbewahren k\u00f6nnen, damit Sie sie nicht erst suchen m\u00fcssen, wenn Sie einschlafen.  <\/span><\/p>\n<p>&nbsp;<\/p>\n<\/div>\n<\/div>\n<\/div>\n<\/figcaption><\/figure>\n<\/div>\n<\/div>\n<div id=\"block-yui_3_17_2_1_1699697703800_20910\" style=\"text-align: left;\" data-block-type=\"5\">\n<div id=\"yui_3_17_2_1_1724927055755_97\">\n<figure id=\"yui_3_17_2_1_1724927055755_96\" data-scrolled=\"\" data-test=\"image-block-v2-outer-wrapper\"><figcaption data-width-ratio=\"\">\n<div>\n<div>\n<div data-width-percentage=\"20.5\">\n<p><span style=\"color: #000000;\">3. Die Malira St\u00fchle sind aus UV-best\u00e4ndigem Stahl gefertigt, so dass Sie sie im Freien oder in Ihrem Wohnzimmer genie\u00dfen k\u00f6nnen, denn ihr Design passt zu jedem Stil und Ambiente.<br \/>\nSie sind au\u00dferdem sehr leicht stapelbar, so dass Sie bei Bedarf Platz sparen k\u00f6nnen. <\/span><\/p>\n<p>&nbsp;<\/p>\n<\/div>\n<\/div>\n<\/div>\n<\/figcaption><\/figure>\n<\/div>\n<\/div>\n<div id=\"block-yui_3_17_2_1_1699697703800_24244\" style=\"text-align: left;\" data-block-type=\"5\">\n<div id=\"yui_3_17_2_1_1724927055755_106\">\n<figure id=\"yui_3_17_2_1_1724927055755_105\" data-scrolled=\"\" data-test=\"image-block-v2-outer-wrapper\"><figcaption data-width-ratio=\"\">\n<div>\n<div>\n<div data-width-percentage=\"20.5\">\n<p><span style=\"color: #000000;\">4. Holen Sie sich einen Iode Beistelltisch mit einem sch\u00f6nen Sanduhr-Design, perfekt f\u00fcr die Ecke in Ihrem Flur oder Wohnzimmer, wo Sie nicht sicher waren, was Sie hinstellen sollen.<br \/>\nEs handelt sich um ein M\u00f6belst\u00fcck, das komplett aus Stahl gefertigt ist. Das ist ideal, wenn Ihr Haus in der N\u00e4he des Meeres liegt, da es korrosions- und rostbest\u00e4ndiger ist und au\u00dferdem nicht zusammengebaut werden muss. <\/span><\/p>\n<\/div>\n<\/div>\n<\/div>\n<\/figcaption><\/figure>\n<\/div>\n<\/div>\n<div id=\"block-yui_3_17_2_1_1699697703800_25454\" style=\"text-align: left;\" data-block-type=\"5\">\n<div id=\"yui_3_17_2_1_1724927055755_115\">\n<figure id=\"yui_3_17_2_1_1724927055755_114\" data-scrolled=\"\" data-test=\"image-block-v2-outer-wrapper\">\n<div id=\"yui_3_17_2_1_1724927055755_113\">\n<div id=\"yui_3_17_2_1_1724927055755_112\" data-animation-role=\"image\" data-description=\"\">\n<div id=\"yui_3_17_2_1_1724927055755_111\">\n<div><\/div>\n<\/div>\n<\/div>\n<\/div><figcaption data-width-ratio=\"\">\n<div>\n<div>\n<div data-width-percentage=\"20.5\">\n<p><span style=\"color: #000000;\">5. Die Fly Sessel warten darauf, Sie mit ihrem Canvas-Stoff aus 100% Baumwolle in verschiedenen Farben weich einzuh\u00fcllen.<br \/>\nWie alle unsere Vorschl\u00e4ge k\u00f6nnen Sie auch dieses einzigartige Designerst\u00fcck in jedem Raum Ihrer Wohnung aufstellen und mit Ihren klassischen oder modernen M\u00f6beln kombinieren.<br \/>\nSie werden die Fl\u00fcgel dieses Schmetterlings nicht mehr verlassen wollen!  <\/span><\/p>\n<\/div>\n<\/div>\n<\/div>\n<\/figcaption><\/figure>\n<\/div>\n<\/div>\n<div id=\"block-yui_3_17_2_1_1699697703800_26961\" style=\"text-align: left;\" data-block-type=\"5\">\n<div id=\"yui_3_17_2_1_1724927055755_124\">\n<figure id=\"yui_3_17_2_1_1724927055755_123\" data-scrolled=\"\" data-test=\"image-block-v2-outer-wrapper\">\n<div id=\"yui_3_17_2_1_1724927055755_122\">\n<div id=\"yui_3_17_2_1_1724927055755_121\" data-animation-role=\"image\" data-description=\"\">\n<div id=\"yui_3_17_2_1_1724927055755_120\">\n<div><\/div>\n<\/div>\n<\/div>\n<\/div><figcaption data-width-ratio=\"\">\n<div>\n<div>\n<div data-width-percentage=\"20.5\">\n<p><span style=\"color: #000000;\">6. Wenn Sie Ihre St\u00fchle noch nicht mit Kissen best\u00fcckt haben oder diese bereits abgenutzt sind, ist der Schlussverkauf ein guter Zeitpunkt, um einige wichtige Accessoires zu erneuern.<br \/>\nSuchen Sie sich aus der umfangreichen Kissenkollektion von Kave Home dasjenige aus, das Ihnen am besten gef\u00e4llt.<br \/>\nEs gibt sie in runder Form, in eckiger Form, mit Details, Fransen, Farben&#8230; w\u00e4hlen Sie aus, was Ihnen am besten gef\u00e4llt!  <\/span><\/p>\n<\/div>\n<\/div>\n<\/div>\n<\/figcaption><\/figure>\n<\/div>\n<\/div>\n<div id=\"block-yui_3_17_2_1_1699697703800_28114\" style=\"text-align: left;\" data-block-type=\"5\">\n<div id=\"yui_3_17_2_1_1724927055755_133\">\n<figure id=\"yui_3_17_2_1_1724927055755_132\" data-scrolled=\"\" data-test=\"image-block-v2-outer-wrapper\">\n<div id=\"yui_3_17_2_1_1724927055755_131\">\n<div id=\"yui_3_17_2_1_1724927055755_130\" data-animation-role=\"image\" data-description=\"\">\n<div id=\"yui_3_17_2_1_1724927055755_129\">\n<div><\/div>\n<\/div>\n<\/div>\n<\/div><figcaption data-width-ratio=\"\">\n<div>\n<div>\n<div data-width-percentage=\"20.5\">\n<p><span style=\"color: #000000;\">7. Ein Muss f\u00fcr diesen Sommer sind zweifelsohne die tragbaren Tischlampen f\u00fcr drau\u00dfen.<br \/>\nSie k\u00f6nnen sich f\u00fcr das Modell Dianela aus Kunststoff mit grauem Silikongriff und Sockel oder das Modell Dinesh mit schwarzem Stahlgriff entscheiden.<br \/>\nDenken Sie daran, dass sie \u00fcber wiederaufladbares kaltes LED-Licht mit USB-Kabel verf\u00fcgen und bis zu drei Lichtst\u00e4rken haben.  <\/span><\/p>\n<\/div>\n<\/div>\n<\/div>\n<\/figcaption><\/figure>\n<\/div>\n<\/div>\n<div id=\"block-yui_3_17_2_1_1699697703800_43595\" class=\"sqs-block image-block sqs-block-image sqs-text-ready\" style=\"text-align: left;\" data-block-type=\"5\">\n<div id=\"yui_3_17_2_1_1724927055755_142\" class=\"sqs-block-content\">\n<figure id=\"yui_3_17_2_1_1724927055755_141\" class=\"sqs-block-image-figure image-block-outer-wrapper image-block-v2 design-layout-card combination-animation-site-default individual-animation-site-default individual-text-animation-site-default image-position-right sqs-text-ready animation-loaded\" data-scrolled=\"\" data-test=\"image-block-v2-outer-wrapper\">\n<div id=\"yui_3_17_2_1_1724927055755_140\">\n<div id=\"yui_3_17_2_1_1724927055755_139\" data-animation-role=\"image\" data-description=\"\">\n<div id=\"yui_3_17_2_1_1724927055755_138\">\n<div><\/div>\n<\/div>\n<\/div>\n<\/div><figcaption class=\"image-card-wrapper\" data-width-ratio=\"\">\n<div class=\"image-card sqs-dynamic-text-container\">\n<div class=\"image-title-wrapper\">\n<div class=\"image-title sqs-dynamic-text\" data-width-percentage=\"20.5\">\n<p><span style=\"color: #000000;\">8. haben Sie sich noch nicht f\u00fcr einen unserer 100% PET-Teppiche entschieden?<br \/>\nSie bestehen aus Material, das aus recyceltem und wiederverwertbarem Kunststoff gewonnen wird, insbesondere aus Plastikflaschen, die aus dem Meer zur\u00fcckgewonnen werden.<br \/>\nEs gibt sie in runder, rechteckiger und sogar ovaler Form, um Ihren Raum optimal zu nutzen, und in verschiedenen Farben und Designs.<br \/>\nSie passen sich perfekt an jede Umgebung an und sind sogar ideal f\u00fcr den Au\u00dfenbereich, da das Material, aus dem sie hergestellt sind, UV-best\u00e4ndig und wasserfest ist.   <\/span><\/p>\n<p>&nbsp;<\/p>\n<\/div>\n<\/div>\n<\/div>\n<\/figcaption><\/figure>\n<\/div>\n<\/div>\n<div id=\"block-yui_3_17_2_1_1699697703800_21260\" class=\"sqs-block html-block sqs-block-html\" data-block-type=\"2\" data-border-radii=\"{\"topLeft\":{\"unit\":\"px\",\"value\":0.0},\"topRight\":{\"unit\":\"px\",\"value\":0.0},\"bottomLeft\":{\"unit\":\"px\",\"value\":0.0},\"bottomRight\":{\"unit\":\"px\",\"value\":0.0}}\">\n<div class=\"sqs-block-content\">\n<div class=\"sqs-html-content\">\n<p class=\"\" style=\"text-align: left;\">Wir laden Sie ein, uns zu besuchen und zu sehen, wie einfach und erschwinglich es ist, Ihrem Zuhause eine andere Note zu geben.<br \/>\nWir beraten Sie bei all Ihren Zweifeln und Bed\u00fcrfnissen.<br \/>\nGenie\u00dfen Sie den Sommer so, wie Sie es verdienen.  <\/p>\n<\/div>\n<\/div>\n<\/div>\n","protected":false},"excerpt":{"rendered":"<p>Haben Sie schon Ihre Wunschliste erstellt, um vom Sommerschlussverkauf bei Muebles Vall\u00e9s zu profitieren? Wir haben ein paar sehr coole Angebote f\u00fcr diese Sommermonate. Merken Sie sich das! 1. trinken Sie einen Kaffee mit viel Eis in unseren hellblauen Sachi-Tassen und servieren Sie dazu ein k\u00f6stliches Dessert auf unseren Odile-Tellern mit unregelm\u00e4\u00dfigen Formen und dunkelblauer [&hellip;]<\/p>\n","protected":false},"author":2,"featured_media":2997,"comment_status":"open","ping_status":"open","sticky":false,"template":"","format":"standard","meta":{"_joinchat":[],"footnotes":""},"categories":[56],"tags":[],"class_list":["post-2995","post","type-post","status-publish","format-standard","has-post-thumbnail","hentry","category-unkategorisiert"],"_links":{"self":[{"href":"https:\/\/mueblesvalles.com\/de\/wp-json\/wp\/v2\/posts\/2995","targetHints":{"allow":["GET"]}}],"collection":[{"href":"https:\/\/mueblesvalles.com\/de\/wp-json\/wp\/v2\/posts"}],"about":[{"href":"https:\/\/mueblesvalles.com\/de\/wp-json\/wp\/v2\/types\/post"}],"author":[{"embeddable":true,"href":"https:\/\/mueblesvalles.com\/de\/wp-json\/wp\/v2\/users\/2"}],"replies":[{"embeddable":true,"href":"https:\/\/mueblesvalles.com\/de\/wp-json\/wp\/v2\/comments?post=2995"}],"version-history":[{"count":0,"href":"https:\/\/mueblesvalles.com\/de\/wp-json\/wp\/v2\/posts\/2995\/revisions"}],"wp:featuredmedia":[{"embeddable":true,"href":"https:\/\/mueblesvalles.com\/de\/wp-json\/wp\/v2\/media\/2997"}],"wp:attachment":[{"href":"https:\/\/mueblesvalles.com\/de\/wp-json\/wp\/v2\/media?parent=2995"}],"wp:term":[{"taxonomy":"category","embeddable":true,"href":"https:\/\/mueblesvalles.com\/de\/wp-json\/wp\/v2\/categories?post=2995"},{"taxonomy":"post_tag","embeddable":true,"href":"https:\/\/mueblesvalles.com\/de\/wp-json\/wp\/v2\/tags?post=2995"}],"curies":[{"name":"wp","href":"https:\/\/api.w.org\/{rel}","templated":true}]}}