{"id":2957,"date":"2024-08-29T10:12:43","date_gmt":"2024-08-29T10:12:43","guid":{"rendered":"https:\/\/mueblesvalles.com\/nouvelle-section-tendances\/"},"modified":"2024-08-29T10:12:43","modified_gmt":"2024-08-29T10:12:43","slug":"nouvelle-section-tendances","status":"publish","type":"post","link":"https:\/\/mueblesvalles.com\/fr\/nouvelle-section-tendances\/","title":{"rendered":"Nouvelle section \u00ab\u00a0Tendances"},"content":{"rendered":"<p class=\"\">Sur notre site web, nous avons r\u00e9serv\u00e9 une section qui se veut avant tout un lieu de rencontre avec vous, nos clients et amis, la raison d&rsquo;\u00eatre de Muebles Vall\u00e9s.<\/p>\n<p class=\"\">Ce nouvel espace, \u00ab\u00a0Tendencias\u00a0\u00bb, respire le design, la cr\u00e9ativit\u00e9, les formes et les couleurs, que nous souhaitons partager avec ceux d&rsquo;entre vous qui appr\u00e9cient la beaut\u00e9 du quotidien.<br \/>\nNous le ferons comme nous l&rsquo;entendons, en \u00e9quipe, sous la houlette de la g\u00e9rante et alma mater de l&rsquo;entreprise, Amparo Vall\u00e9s. <\/p>\n<p class=\"\">L&rsquo;\u00e9quipe de Muebles Vall\u00e9s fera de \u00ab\u00a0Tendencias\u00a0\u00bb un espace o\u00f9 nous reviendrons toujours \u00e0 la recherche d&rsquo;air frais et d&rsquo;id\u00e9es renouvel\u00e9es pour am\u00e9liorer l&rsquo;espace dans lequel nous vivons et coexistons.<br \/>\nNous vous invitons \u00e0 nous rejoindre dans ce beau coin, d&rsquo;o\u00f9 nous vous ferons part de toutes les nouveaut\u00e9s et de tous les projets que nous avons imagin\u00e9s pour vous \u00e0 Muebles Vall\u00e9s.<br \/>\nNous serions ravis de vous accueillir.  <\/p>\n","protected":false},"excerpt":{"rendered":"<p>Sur notre site web, nous avons r\u00e9serv\u00e9 une section qui se veut avant tout un lieu de rencontre avec vous, nos clients et amis, la raison d&rsquo;\u00eatre de Muebles Vall\u00e9s. Ce nouvel espace, \u00ab\u00a0Tendencias\u00a0\u00bb, respire le design, la cr\u00e9ativit\u00e9, les formes et les couleurs, que nous souhaitons partager avec ceux d&rsquo;entre vous qui appr\u00e9cient la [&hellip;]<\/p>\n","protected":false},"author":2,"featured_media":2958,"comment_status":"open","ping_status":"open","sticky":false,"template":"","format":"standard","meta":{"_joinchat":[],"footnotes":""},"categories":[57],"tags":[],"class_list":["post-2957","post","type-post","status-publish","format-standard","has-post-thumbnail","hentry","category-non-classifiee"],"_links":{"self":[{"href":"https:\/\/mueblesvalles.com\/fr\/wp-json\/wp\/v2\/posts\/2957","targetHints":{"allow":["GET"]}}],"collection":[{"href":"https:\/\/mueblesvalles.com\/fr\/wp-json\/wp\/v2\/posts"}],"about":[{"href":"https:\/\/mueblesvalles.com\/fr\/wp-json\/wp\/v2\/types\/post"}],"author":[{"embeddable":true,"href":"https:\/\/mueblesvalles.com\/fr\/wp-json\/wp\/v2\/users\/2"}],"replies":[{"embeddable":true,"href":"https:\/\/mueblesvalles.com\/fr\/wp-json\/wp\/v2\/comments?post=2957"}],"version-history":[{"count":0,"href":"https:\/\/mueblesvalles.com\/fr\/wp-json\/wp\/v2\/posts\/2957\/revisions"}],"wp:featuredmedia":[{"embeddable":true,"href":"https:\/\/mueblesvalles.com\/fr\/wp-json\/wp\/v2\/media\/2958"}],"wp:attachment":[{"href":"https:\/\/mueblesvalles.com\/fr\/wp-json\/wp\/v2\/media?parent=2957"}],"wp:term":[{"taxonomy":"category","embeddable":true,"href":"https:\/\/mueblesvalles.com\/fr\/wp-json\/wp\/v2\/categories?post=2957"},{"taxonomy":"post_tag","embeddable":true,"href":"https:\/\/mueblesvalles.com\/fr\/wp-json\/wp\/v2\/tags?post=2957"}],"curies":[{"name":"wp","href":"https:\/\/api.w.org\/{rel}","templated":true}]}}