{"id":3009,"date":"2024-08-29T10:26:38","date_gmt":"2024-08-29T10:26:38","guid":{"rendered":"https:\/\/mueblesvalles.com\/huit-conseils-pour-profiter-au-mieux-des-soldes-dete-chez-muebles-valles\/"},"modified":"2024-08-29T10:26:38","modified_gmt":"2024-08-29T10:26:38","slug":"huit-conseils-pour-profiter-au-mieux-des-soldes-dete-chez-muebles-valles","status":"publish","type":"post","link":"https:\/\/mueblesvalles.com\/fr\/huit-conseils-pour-profiter-au-mieux-des-soldes-dete-chez-muebles-valles\/","title":{"rendered":"Huit conseils pour profiter au mieux des soldes d&rsquo;\u00e9t\u00e9 chez Muebles Vall\u00e9s"},"content":{"rendered":"<div id=\"block-9dbb4eeadb400906092a\" class=\"sqs-block html-block sqs-block-html\" data-block-type=\"2\" data-border-radii=\"{\"topLeft\":{\"unit\":\"px\",\"value\":0.0},\"topRight\":{\"unit\":\"px\",\"value\":0.0},\"bottomLeft\":{\"unit\":\"px\",\"value\":0.0},\"bottomRight\":{\"unit\":\"px\",\"value\":0.0}}\">\n<div class=\"sqs-block-content\">\n<div class=\"sqs-html-content\">\n<p class=\"\" style=\"text-align: left;\">Avez-vous d\u00e9j\u00e0 fait votre liste de souhaits pour profiter des soldes d&rsquo;\u00e9t\u00e9 \u00e0 Muebles Vall\u00e9s ?<br \/>\nNous avons des propositions tr\u00e8s int\u00e9ressantes pour ces mois d&rsquo;\u00e9t\u00e9.<br \/>\nPrenez-en note !  <\/p>\n<\/div>\n<\/div>\n<\/div>\n<div id=\"block-yui_3_17_2_1_1699697703800_5550\" style=\"text-align: left;\" data-block-type=\"5\">\n<div id=\"yui_3_17_2_1_1724927055755_69\">\n<figure id=\"yui_3_17_2_1_1724927055755_68\" data-scrolled=\"\" data-test=\"image-block-v2-outer-wrapper\">\n<div id=\"yui_3_17_2_1_1724927055755_67\">\n<div id=\"yui_3_17_2_1_1724927055755_66\" data-animation-role=\"image\" data-description=\"&lt;encoded_tag_open \/&gt;blockquote&lt;encoded_tag_closed \/&gt;&lt;encoded_tag_open \/&gt;p class=\"sqsrte-small\" style=\"white-space:pre-wrap;\"&lt;encoded_tag_closed \/&gt;Fuente: Kave Home&lt;encoded_tag_open \/&gt;\/p&lt;encoded_tag_closed \/&gt;&lt;encoded_tag_open \/&gt;\/blockquote&lt;encoded_tag_closed \/&gt;\">\n<div id=\"yui_3_17_2_1_1724927055755_65\">\n<div><\/div>\n<\/div>\n<\/div>\n<\/div><figcaption data-width-ratio=\"\">\n<div>\n<div>\n<div data-width-percentage=\"20.5\">\n<p><span style=\"color: #000000;\">1) Prenez un caf\u00e9 avec beaucoup de glace dans nos tasses Sachi bleu clair et accompagnez-le d&rsquo;un d\u00e9licieux dessert servi dans nos assiettes Odile, aux formes irr\u00e9guli\u00e8res et de couleur bleu fonc\u00e9, toutes deux 100 % c\u00e9ramiques.<\/span><\/p>\n<\/div>\n<\/div>\n<\/div>\n<\/figcaption><\/figure>\n<\/div>\n<\/div>\n<div id=\"block-yui_3_17_2_1_1699697703800_22574\" style=\"text-align: left;\" data-block-type=\"5\">\n<div id=\"yui_3_17_2_1_1724927055755_88\">\n<figure id=\"yui_3_17_2_1_1724927055755_87\" data-scrolled=\"\" data-test=\"image-block-v2-outer-wrapper\">\n<div id=\"yui_3_17_2_1_1724927055755_86\">\n<div id=\"yui_3_17_2_1_1724927055755_85\" data-animation-role=\"image\" data-description=\"\">\n<div id=\"yui_3_17_2_1_1724927055755_84\">\n<div><\/div>\n<\/div>\n<\/div>\n<\/div><figcaption data-width-ratio=\"\">\n<div>\n<div>\n<div data-width-percentage=\"20.5\">\n<p><span style=\"color: #000000;\">2. Optez pour une longue sieste estivale sur notre canap\u00e9-lit Nury de 205 centim\u00e8tres, qui vous offre un dossier \u00e0 trois positions et des pieds rabattables pour l&rsquo;utiliser comme lit.<br \/>\nVous pouvez \u00e9galement l&rsquo;utiliser comme lit.<br \/>\nIl dispose \u00e9galement d&rsquo;un tiroir int\u00e9gr\u00e9 qui vous permet de garder les draps \u00e0 port\u00e9e de main et de ne pas avoir \u00e0 les chercher au moment de vous endormir.  <\/span><\/p>\n<p>&nbsp;<\/p>\n<\/div>\n<\/div>\n<\/div>\n<\/figcaption><\/figure>\n<\/div>\n<\/div>\n<div id=\"block-yui_3_17_2_1_1699697703800_20910\" style=\"text-align: left;\" data-block-type=\"5\">\n<div id=\"yui_3_17_2_1_1724927055755_97\">\n<figure id=\"yui_3_17_2_1_1724927055755_96\" data-scrolled=\"\" data-test=\"image-block-v2-outer-wrapper\"><figcaption data-width-ratio=\"\">\n<div>\n<div>\n<div data-width-percentage=\"20.5\">\n<p><span style=\"color: #000000;\">3. Les chaises Malira sont fabriqu\u00e9es en acier r\u00e9sistant aux UV, ce qui vous permet de les utiliser \u00e0 l&rsquo;ext\u00e9rieur, \u00e0 l&rsquo;int\u00e9rieur ou dans votre salon, car leur design s&rsquo;adapte \u00e0 tous les styles et \u00e0 toutes les ambiances.<br \/>\nElles sont \u00e9galement tr\u00e8s faciles \u00e0 empiler, ce qui vous permet de gagner de la place en cas de besoin. <\/span><\/p>\n<p>&nbsp;<\/p>\n<\/div>\n<\/div>\n<\/div>\n<\/figcaption><\/figure>\n<\/div>\n<\/div>\n<div id=\"block-yui_3_17_2_1_1699697703800_24244\" style=\"text-align: left;\" data-block-type=\"5\">\n<div id=\"yui_3_17_2_1_1724927055755_106\">\n<figure id=\"yui_3_17_2_1_1724927055755_105\" data-scrolled=\"\" data-test=\"image-block-v2-outer-wrapper\"><figcaption data-width-ratio=\"\">\n<div>\n<div>\n<div data-width-percentage=\"20.5\">\n<p><span style=\"color: #000000;\">4. Procurez-vous une table d&rsquo;appoint Iode au beau design de sablier, parfaite pour ce coin de votre entr\u00e9e ou de votre salon o\u00f9 vous ne saviez pas trop quoi mettre.<br \/>\nIl s&rsquo;agit d&rsquo;un meuble enti\u00e8rement en acier, id\u00e9al si votre maison est situ\u00e9e pr\u00e8s de la mer, car il est plus r\u00e9sistant \u00e0 la corrosion et \u00e0 la rouille et ne n\u00e9cessite pas de montage. <\/span><\/p>\n<\/div>\n<\/div>\n<\/div>\n<\/figcaption><\/figure>\n<\/div>\n<\/div>\n<div id=\"block-yui_3_17_2_1_1699697703800_25454\" style=\"text-align: left;\" data-block-type=\"5\">\n<div id=\"yui_3_17_2_1_1724927055755_115\">\n<figure id=\"yui_3_17_2_1_1724927055755_114\" data-scrolled=\"\" data-test=\"image-block-v2-outer-wrapper\">\n<div id=\"yui_3_17_2_1_1724927055755_113\">\n<div id=\"yui_3_17_2_1_1724927055755_112\" data-animation-role=\"image\" data-description=\"\">\n<div id=\"yui_3_17_2_1_1724927055755_111\">\n<div><\/div>\n<\/div>\n<\/div>\n<\/div><figcaption data-width-ratio=\"\">\n<div>\n<div>\n<div data-width-percentage=\"20.5\">\n<p><span style=\"color: #000000;\">5. Les fauteuils Fly vous enveloppent de douceur gr\u00e2ce \u00e0 leur tissu en toile 100 % coton, disponible en diff\u00e9rentes couleurs.<br \/>\nComme toutes les propositions que nous avons faites, vous pourrez placer cette pi\u00e8ce de design unique dans n&rsquo;importe quelle pi\u00e8ce de votre maison et la combiner avec le mobilier dont vous disposez, qu&rsquo;il soit classique ou plus moderne.<br \/>\nVous ne voudrez plus quitter les ailes de ce papillon !  <\/span><\/p>\n<\/div>\n<\/div>\n<\/div>\n<\/figcaption><\/figure>\n<\/div>\n<\/div>\n<div id=\"block-yui_3_17_2_1_1699697703800_26961\" style=\"text-align: left;\" data-block-type=\"5\">\n<div id=\"yui_3_17_2_1_1724927055755_124\">\n<figure id=\"yui_3_17_2_1_1724927055755_123\" data-scrolled=\"\" data-test=\"image-block-v2-outer-wrapper\">\n<div id=\"yui_3_17_2_1_1724927055755_122\">\n<div id=\"yui_3_17_2_1_1724927055755_121\" data-animation-role=\"image\" data-description=\"\">\n<div id=\"yui_3_17_2_1_1724927055755_120\">\n<div><\/div>\n<\/div>\n<\/div>\n<\/div><figcaption data-width-ratio=\"\">\n<div>\n<div>\n<div data-width-percentage=\"20.5\">\n<p><span style=\"color: #000000;\">6. Si vous n&rsquo;avez pas encore mis de coussins sur vos chaises, ou s&rsquo;ils sont d\u00e9j\u00e0 us\u00e9s par l&rsquo;usage, les soldes sont l&rsquo;occasion de renouveler quelques accessoires indispensables.<br \/>\nTrouvez celui qui vous convient le mieux parmi la vaste collection de coussins de Kave Home.<br \/>\nIls sont ronds, carr\u00e9s, avec des d\u00e9tails, des franges, des couleurs&#8230; choisissez ceux qui vous plaisent le plus !  <\/span><\/p>\n<\/div>\n<\/div>\n<\/div>\n<\/figcaption><\/figure>\n<\/div>\n<\/div>\n<div id=\"block-yui_3_17_2_1_1699697703800_28114\" style=\"text-align: left;\" data-block-type=\"5\">\n<div id=\"yui_3_17_2_1_1724927055755_133\">\n<figure id=\"yui_3_17_2_1_1724927055755_132\" data-scrolled=\"\" data-test=\"image-block-v2-outer-wrapper\">\n<div id=\"yui_3_17_2_1_1724927055755_131\">\n<div id=\"yui_3_17_2_1_1724927055755_130\" data-animation-role=\"image\" data-description=\"\">\n<div id=\"yui_3_17_2_1_1724927055755_129\">\n<div><\/div>\n<\/div>\n<\/div>\n<\/div><figcaption data-width-ratio=\"\">\n<div>\n<div>\n<div data-width-percentage=\"20.5\">\n<p><span style=\"color: #000000;\">7. Les lampes de table portables pour l&rsquo;ext\u00e9rieur sont sans aucun doute un must pour cet \u00e9t\u00e9.<br \/>\nVous pouvez opter pour le mod\u00e8le Dianela, en plastique, avec une poign\u00e9e et une base en silicone gris, ou pour le mod\u00e8le Dinesh, avec une poign\u00e9e en acier noir.<br \/>\nN&rsquo;oubliez pas qu&rsquo;elles sont dot\u00e9es d&rsquo;une lumi\u00e8re froide LED rechargeable avec c\u00e2ble USB et qu&rsquo;elles ont jusqu&rsquo;\u00e0 trois intensit\u00e9s lumineuses.  <\/span><\/p>\n<\/div>\n<\/div>\n<\/div>\n<\/figcaption><\/figure>\n<\/div>\n<\/div>\n<div id=\"block-yui_3_17_2_1_1699697703800_43595\" class=\"sqs-block image-block sqs-block-image sqs-text-ready\" style=\"text-align: left;\" data-block-type=\"5\">\n<div id=\"yui_3_17_2_1_1724927055755_142\" class=\"sqs-block-content\">\n<figure id=\"yui_3_17_2_1_1724927055755_141\" class=\"sqs-block-image-figure image-block-outer-wrapper image-block-v2 design-layout-card combination-animation-site-default individual-animation-site-default individual-text-animation-site-default image-position-right sqs-text-ready animation-loaded\" data-scrolled=\"\" data-test=\"image-block-v2-outer-wrapper\">\n<div id=\"yui_3_17_2_1_1724927055755_140\">\n<div id=\"yui_3_17_2_1_1724927055755_139\" data-animation-role=\"image\" data-description=\"\">\n<div id=\"yui_3_17_2_1_1724927055755_138\">\n<div><\/div>\n<\/div>\n<\/div>\n<\/div><figcaption class=\"image-card-wrapper\" data-width-ratio=\"\">\n<div class=\"image-card sqs-dynamic-text-container\">\n<div class=\"image-title-wrapper\">\n<div class=\"image-title sqs-dynamic-text\" data-width-percentage=\"20.5\">\n<p><span style=\"color: #000000;\">8) Vous n&rsquo;avez pas encore opt\u00e9 pour l&rsquo;un de nos tapis 100 % PET ?<br \/>\nIls sont fabriqu\u00e9s dans un mat\u00e9riau obtenu \u00e0 partir de plastique recycl\u00e9 et recyclable, notamment \u00e0 partir de bouteilles en plastique r\u00e9cup\u00e9r\u00e9es en mer.<br \/>\nIls existent en forme ronde, rectangulaire et m\u00eame ovale, pour optimiser votre espace, et en diff\u00e9rentes couleurs et motifs.<br \/>\nElles s&rsquo;adaptent parfaitement \u00e0 tous les environnements et sont m\u00eame id\u00e9ales pour l&rsquo;ext\u00e9rieur, car le mat\u00e9riau dont elles sont faites est r\u00e9sistant aux UV et imperm\u00e9able.   <\/span><\/p>\n<p>&nbsp;<\/p>\n<\/div>\n<\/div>\n<\/div>\n<\/figcaption><\/figure>\n<\/div>\n<\/div>\n<div id=\"block-yui_3_17_2_1_1699697703800_21260\" class=\"sqs-block html-block sqs-block-html\" data-block-type=\"2\" data-border-radii=\"{\"topLeft\":{\"unit\":\"px\",\"value\":0.0},\"topRight\":{\"unit\":\"px\",\"value\":0.0},\"bottomLeft\":{\"unit\":\"px\",\"value\":0.0},\"bottomRight\":{\"unit\":\"px\",\"value\":0.0}}\">\n<div class=\"sqs-block-content\">\n<div class=\"sqs-html-content\">\n<p class=\"\" style=\"text-align: left;\">Nous vous invitons \u00e0 nous rendre visite et \u00e0 constater \u00e0 quel point il est facile et abordable de donner une touche diff\u00e9rente \u00e0 votre maison.<br \/>\nNous vous conseillons sur tous vos doutes et besoins.<br \/>\nProfitez de l&rsquo;\u00e9t\u00e9 comme vous le m\u00e9ritez.  <\/p>\n<\/div>\n<\/div>\n<\/div>\n","protected":false},"excerpt":{"rendered":"<p>Avez-vous d\u00e9j\u00e0 fait votre liste de souhaits pour profiter des soldes d&rsquo;\u00e9t\u00e9 \u00e0 Muebles Vall\u00e9s ? Nous avons des propositions tr\u00e8s int\u00e9ressantes pour ces mois d&rsquo;\u00e9t\u00e9. Prenez-en note ! 1) Prenez un caf\u00e9 avec beaucoup de glace dans nos tasses Sachi bleu clair et accompagnez-le d&rsquo;un d\u00e9licieux dessert servi dans nos assiettes Odile, aux formes [&hellip;]<\/p>\n","protected":false},"author":2,"featured_media":3011,"comment_status":"open","ping_status":"open","sticky":false,"template":"","format":"standard","meta":{"_joinchat":[],"footnotes":""},"categories":[57],"tags":[],"class_list":["post-3009","post","type-post","status-publish","format-standard","has-post-thumbnail","hentry","category-non-classifiee"],"_links":{"self":[{"href":"https:\/\/mueblesvalles.com\/fr\/wp-json\/wp\/v2\/posts\/3009","targetHints":{"allow":["GET"]}}],"collection":[{"href":"https:\/\/mueblesvalles.com\/fr\/wp-json\/wp\/v2\/posts"}],"about":[{"href":"https:\/\/mueblesvalles.com\/fr\/wp-json\/wp\/v2\/types\/post"}],"author":[{"embeddable":true,"href":"https:\/\/mueblesvalles.com\/fr\/wp-json\/wp\/v2\/users\/2"}],"replies":[{"embeddable":true,"href":"https:\/\/mueblesvalles.com\/fr\/wp-json\/wp\/v2\/comments?post=3009"}],"version-history":[{"count":0,"href":"https:\/\/mueblesvalles.com\/fr\/wp-json\/wp\/v2\/posts\/3009\/revisions"}],"wp:featuredmedia":[{"embeddable":true,"href":"https:\/\/mueblesvalles.com\/fr\/wp-json\/wp\/v2\/media\/3011"}],"wp:attachment":[{"href":"https:\/\/mueblesvalles.com\/fr\/wp-json\/wp\/v2\/media?parent=3009"}],"wp:term":[{"taxonomy":"category","embeddable":true,"href":"https:\/\/mueblesvalles.com\/fr\/wp-json\/wp\/v2\/categories?post=3009"},{"taxonomy":"post_tag","embeddable":true,"href":"https:\/\/mueblesvalles.com\/fr\/wp-json\/wp\/v2\/tags?post=3009"}],"curies":[{"name":"wp","href":"https:\/\/api.w.org\/{rel}","templated":true}]}}